{"id":1961,"date":"2011-11-18T09:38:40","date_gmt":"2011-11-18T07:38:40","guid":{"rendered":"http:\/\/www.przepisy.e-mama.pl\/?p=1961"},"modified":"2011-11-18T09:38:40","modified_gmt":"2011-11-18T07:38:40","slug":"salatka-z-kurczakiem","status":"publish","type":"post","link":"http:\/\/www.przepisy.e-mama.pl\/?p=1961","title":{"rendered":"Sa\u0142atka z kurczakiem"},"content":{"rendered":"<p><b>Sk\u0142adniki:<\/b><br \/>\n<br \/>\n1 podw\u00f3jna pier\u015b z kurczaka<br \/>\nmakaron ry\u017cowy lub ry\u017c do Risotto<br \/>\npapryka czerwona<br \/>\npapryka \u017c\u00f3\u0142ta<br \/>\nog\u00f3rek zielony<br \/>\npuszka kukurydzy<br \/>\nprzyprawa Gyros<br \/>\ns\u00f3l<br \/>\npieprz<br \/>\nmajonez<br \/>\n<br \/>\n<b>Wykonanie:<\/b><br \/>\n<br \/>\nPier\u015b z kurczaka pokroi\u0107 w kostk\u0119 i sma\u017cy\u0107 z przypraw\u0105 Gyros. Po usma\u017ceniu rozgnie\u015b\u0107 mi\u0119so widelcem na ma\u0142e kawa\u0142eczki. Ugotowa\u0107 makaron (lub ry\u017c), a papryki i og\u00f3rka pokroi\u0107 w kostk\u0119. Wymiesza\u0107 wszystkie sk\u0142adniki razem z majonezem. Najlepsza na drugi dzie\u0144.<br \/>\n<br \/>\n<em>Przes\u0142ane przez Brandy<\/em><\/p>\n","protected":false},"excerpt":{"rendered":"<p>Sk\u0142adniki: 1 podw\u00f3jna pier\u015b z kurczaka makaron ry\u017cowy lub ry\u017c do Risotto papryka czerwona papryka \u017c\u00f3\u0142ta og\u00f3rek zielony puszka kukurydzy przyprawa Gyros s\u00f3l pieprz majonez Wykonanie: Pier\u015b z kurczaka pokroi\u0107 w kostk\u0119 i sma\u017cy\u0107 z przypraw\u0105 Gyros. Po usma\u017ceniu rozgnie\u015b\u0107 mi\u0119so widelcem na ma\u0142e kawa\u0142eczki. Ugotowa\u0107 makaron (lub ry\u017c), a papryki i og\u00f3rka pokroi\u0107 w [&hellip;]<\/p>\n","protected":false},"author":8,"featured_media":0,"comment_status":"closed","ping_status":"closed","sticky":false,"template":"","format":"standard","meta":[],"categories":[36,5],"tags":[],"_links":{"self":[{"href":"http:\/\/www.przepisy.e-mama.pl\/index.php?rest_route=\/wp\/v2\/posts\/1961"}],"collection":[{"href":"http:\/\/www.przepisy.e-mama.pl\/index.php?rest_route=\/wp\/v2\/posts"}],"about":[{"href":"http:\/\/www.przepisy.e-mama.pl\/index.php?rest_route=\/wp\/v2\/types\/post"}],"author":[{"embeddable":true,"href":"http:\/\/www.przepisy.e-mama.pl\/index.php?rest_route=\/wp\/v2\/users\/8"}],"replies":[{"embeddable":true,"href":"http:\/\/www.przepisy.e-mama.pl\/index.php?rest_route=%2Fwp%2Fv2%2Fcomments&post=1961"}],"version-history":[{"count":2,"href":"http:\/\/www.przepisy.e-mama.pl\/index.php?rest_route=\/wp\/v2\/posts\/1961\/revisions"}],"predecessor-version":[{"id":1963,"href":"http:\/\/www.przepisy.e-mama.pl\/index.php?rest_route=\/wp\/v2\/posts\/1961\/revisions\/1963"}],"wp:attachment":[{"href":"http:\/\/www.przepisy.e-mama.pl\/index.php?rest_route=%2Fwp%2Fv2%2Fmedia&parent=1961"}],"wp:term":[{"taxonomy":"category","embeddable":true,"href":"http:\/\/www.przepisy.e-mama.pl\/index.php?rest_route=%2Fwp%2Fv2%2Fcategories&post=1961"},{"taxonomy":"post_tag","embeddable":true,"href":"http:\/\/www.przepisy.e-mama.pl\/index.php?rest_route=%2Fwp%2Fv2%2Ftags&post=1961"}],"curies":[{"name":"wp","href":"https:\/\/api.w.org\/{rel}","templated":true}]}}